{"id":3428,"date":"2025-04-10T14:21:31","date_gmt":"2025-04-10T18:21:31","guid":{"rendered":"https:\/\/cdcvs.ca\/news-on-training\/"},"modified":"2025-12-01T13:55:26","modified_gmt":"2025-12-01T18:55:26","slug":"news-on-training","status":"publish","type":"post","link":"https:\/\/cdcvs.ca\/en\/news-on-training\/","title":{"rendered":"Federal candidates speak out on community issues in the Vaudreuil riding"},"content":{"rendered":"\t\t<div data-elementor-type=\"wp-post\" data-elementor-id=\"3428\" class=\"elementor elementor-3428 elementor-3418\" data-elementor-post-type=\"post\">\n\t\t\t\t<div class=\"elementor-element elementor-element-85c0732 e-con-full e-flex e-con e-child\" data-id=\"85c0732\" data-element_type=\"container\" data-e-type=\"container\">\n\t\t\t\t<div class=\"elementor-element elementor-element-140135d elementor-widget elementor-widget-heading\" data-id=\"140135d\" data-element_type=\"widget\" data-e-type=\"widget\" data-widget_type=\"heading.default\">\n\t\t\t\t<div class=\"elementor-widget-container\">\n\t\t\t\t\t<h3 class=\"elementor-heading-title elementor-size-default\">Federal candidates speak out on community issues in the Vaudreuil riding<\/h3>\t\t\t\t<\/div>\n\t\t\t\t<\/div>\n\t\t\t\t<div class=\"elementor-element elementor-element-c6d6d49 elementor-widget elementor-widget-text-editor\" data-id=\"c6d6d49\" data-element_type=\"widget\" data-e-type=\"widget\" data-widget_type=\"text-editor.default\">\n\t\t\t\t<div class=\"elementor-widget-container\">\n\t\t\t\t\t\t\t\t\t<p>Vaudreuil-Soulanges, April 14, 2025<\/p>\t\t\t\t\t\t\t\t<\/div>\n\t\t\t\t<\/div>\n\t\t\t\t<div class=\"elementor-element elementor-element-2b44a9b elementor-widget elementor-widget-text-editor\" data-id=\"2b44a9b\" data-element_type=\"widget\" data-e-type=\"widget\" data-widget_type=\"text-editor.default\">\n\t\t\t\t<div class=\"elementor-widget-container\">\n\t\t\t\t\t\t\t\t\t<p>In preparation for the federal election on April 28, the Corporation de d\u00e9veloppement communautaire (CDC) de Vaudreuil-Soulanges has launched &#8220;Le communautaire en 5 questions&#8221;, a democratic exercise inviting candidates in the Vaudreuil riding to take a stand on five major social issues: employment, housing, immigration, the environment and the fight against poverty.<\/p><p>Three candidates &#8211; Jean Boily (People&#8217;s Party of Canada), Christopher Mass\u00e9 (Bloc Qu\u00e9b\u00e9cois) and Peter Schiefke (Liberal Party of Canada) &#8211; responded positively to the invitation, sharing their responses in videos that will be posted today on the CDC Vaudreuil-Soulanges website, newsletter and Facebook page. The aim of this initiative is to provide citizens with information that is accessible, equitable and centered on the realities of our region. <\/p><p>&#8220;Our objective is simple: to give candidates a voice on concrete issues that directly affect the citizens and community organizations of our region,&#8221; says S\u00e9bastien Legros, General Manager of CDC Vaudreuil-Soulanges.<\/p><p>Each participant was invited to record six short videos (one presentation and one answer per question), unedited and no longer than two minutes each. The themes covered major concerns in our community, including the housing crisis, integration of new arrivals, support for vulnerable families, adaptation to climate change and the role of the social safety net. <\/p><p>The organization encourages the public to view the answers available on its website at <a href=\"https:\/\/cdcvs.ca\/en\/news\/\"><strong>cdcvs.ca\/news<\/strong><\/a> and on its <a href=\"https:\/\/www.facebook.com\/corporationdedeveloppement.communautairevs\"><strong>Facebook page<\/strong><\/a> page, where they can comment on the answers and share the information with their network to help them make informed decisions at the polls.<\/p><p>In conclusion, a similar exercise carried out with candidates in the Beauharnois-Salaberry-Soulanges-Huntingdon riding will also be shared this week by the group formed by the CDCs of Haut-Saint-Laurent, Beauharnois-Salaberry and Vaudreuil-Soulanges.<\/p>\t\t\t\t\t\t\t\t<\/div>\n\t\t\t\t<\/div>\n\t\t\t\t<div class=\"elementor-element elementor-element-34de1fb elementor-widget elementor-widget-heading\" data-id=\"34de1fb\" data-element_type=\"widget\" data-e-type=\"widget\" data-widget_type=\"heading.default\">\n\t\t\t\t<div class=\"elementor-widget-container\">\n\t\t\t\t\t<h5 class=\"elementor-heading-title elementor-size-default\">Answers from three candidates:<\/h5>\t\t\t\t<\/div>\n\t\t\t\t<\/div>\n\t\t\t\t<div class=\"elementor-element elementor-element-a2706d1 elementor-widget elementor-widget-heading\" data-id=\"a2706d1\" data-element_type=\"widget\" data-e-type=\"widget\" data-widget_type=\"heading.default\">\n\t\t\t\t<div class=\"elementor-widget-container\">\n\t\t\t\t\t<h5 class=\"elementor-heading-title elementor-size-default\">Candidate presentation<\/h5>\t\t\t\t<\/div>\n\t\t\t\t<\/div>\n\t\t\t\t<div class=\"elementor-element elementor-element-cb08781 elementor-widget elementor-widget-text-editor\" data-id=\"cb08781\" data-element_type=\"widget\" data-e-type=\"widget\" data-widget_type=\"text-editor.default\">\n\t\t\t\t<div class=\"elementor-widget-container\">\n\t\t\t\t\t\t\t\t\t<p>All candidates were first invited to make a short video presentation.<\/p>\t\t\t\t\t\t\t\t<\/div>\n\t\t\t\t<\/div>\n\t\t\t\t<div class=\"elementor-element elementor-element-21d7da7 elementor-widget__width-initial elementor-widget-laptop__width-auto elementor-widget-tablet_extra__width-auto elementor-widget-tablet__width-auto elementor-widget-mobile__width-auto elementor-widget elementor-widget-video\" data-id=\"21d7da7\" data-element_type=\"widget\" data-e-type=\"widget\" data-settings=\"{&quot;youtube_url&quot;:&quot;https:\\\/\\\/www.youtube.com\\\/watch?v=rL29AGvr0-Y&amp;list=PLkccwzi_8SOs7yPEkJUh_j2nplJMw92oE&amp;index=24&quot;,&quot;video_type&quot;:&quot;youtube&quot;,&quot;controls&quot;:&quot;yes&quot;}\" data-widget_type=\"video.default\">\n\t\t\t\t<div class=\"elementor-widget-container\">\n\t\t\t\t\t\t\t<div class=\"elementor-wrapper elementor-open-inline\">\n\t\t\t<div class=\"elementor-video\"><\/div>\t\t<\/div>\n\t\t\t\t\t\t<\/div>\n\t\t\t\t<\/div>\n\t\t\t\t<div class=\"elementor-element elementor-element-db537c2 elementor-widget__width-initial elementor-widget-laptop__width-auto elementor-widget elementor-widget-video\" data-id=\"db537c2\" data-element_type=\"widget\" data-e-type=\"widget\" data-settings=\"{&quot;youtube_url&quot;:&quot;https:\\\/\\\/www.youtube.com\\\/watch?v=WDyirB2-0mE&amp;list=PLkccwzi_8SOs7yPEkJUh_j2nplJMw92oE&amp;index=23&quot;,&quot;video_type&quot;:&quot;youtube&quot;,&quot;controls&quot;:&quot;yes&quot;}\" data-widget_type=\"video.default\">\n\t\t\t\t<div class=\"elementor-widget-container\">\n\t\t\t\t\t\t\t<div class=\"elementor-wrapper elementor-open-inline\">\n\t\t\t<div class=\"elementor-video\"><\/div>\t\t<\/div>\n\t\t\t\t\t\t<\/div>\n\t\t\t\t<\/div>\n\t\t\t\t<div class=\"elementor-element elementor-element-61e8413 elementor-widget elementor-widget-spacer\" data-id=\"61e8413\" data-element_type=\"widget\" data-e-type=\"widget\" data-widget_type=\"spacer.default\">\n\t\t\t\t<div class=\"elementor-widget-container\">\n\t\t\t\t\t\t\t<div class=\"elementor-spacer\">\n\t\t\t<div class=\"elementor-spacer-inner\"><\/div>\n\t\t<\/div>\n\t\t\t\t\t\t<\/div>\n\t\t\t\t<\/div>\n\t\t\t\t<div class=\"elementor-element elementor-element-ab64be3 elementor-widget elementor-widget-heading\" data-id=\"ab64be3\" data-element_type=\"widget\" data-e-type=\"widget\" data-widget_type=\"heading.default\">\n\t\t\t\t<div class=\"elementor-widget-container\">\n\t\t\t\t\t<h5 class=\"elementor-heading-title elementor-size-default\">Question 1: Employment<\/h5>\t\t\t\t<\/div>\n\t\t\t\t<\/div>\n\t\t\t\t<div class=\"elementor-element elementor-element-340e91c elementor-widget elementor-widget-text-editor\" data-id=\"340e91c\" data-element_type=\"widget\" data-e-type=\"widget\" data-widget_type=\"text-editor.default\">\n\t\t\t\t<div class=\"elementor-widget-container\">\n\t\t\t\t\t\t\t\t\t<p><strong>Context:<\/strong><br>As the Trump administration imposes a trade war and continues to ramp up threats of tariffs, many workers have to temporarily turn to employment insurance. However, they come up against strict eligibility criteria that don&#8217;t always reflect the current reality of the job market. At the same time, community organizations, which play a key role in supporting these workers and their families, are struggling to secure stable funding to meet growing demand.  <\/p><p><strong>Question:<\/strong><br>Is your party committed to making Employment Insurance criteria more flexible, while strengthening and facilitating access to federal funding for community organizations, to ensure a more effective and accessible social safety net?<\/p>\t\t\t\t\t\t\t\t<\/div>\n\t\t\t\t<\/div>\n\t\t\t\t<div class=\"elementor-element elementor-element-9814684 elementor-widget__width-initial elementor-widget-laptop__width-auto elementor-widget elementor-widget-video\" data-id=\"9814684\" data-element_type=\"widget\" data-e-type=\"widget\" data-settings=\"{&quot;youtube_url&quot;:&quot;https:\\\/\\\/www.youtube.com\\\/watch?v=znnQMwLsZ9E&amp;list=PLkccwzi_8SOs7yPEkJUh_j2nplJMw92oE&amp;index=1&quot;,&quot;video_type&quot;:&quot;youtube&quot;,&quot;controls&quot;:&quot;yes&quot;}\" data-widget_type=\"video.default\">\n\t\t\t\t<div class=\"elementor-widget-container\">\n\t\t\t\t\t\t\t<div class=\"elementor-wrapper elementor-open-inline\">\n\t\t\t<div class=\"elementor-video\"><\/div>\t\t<\/div>\n\t\t\t\t\t\t<\/div>\n\t\t\t\t<\/div>\n\t\t\t\t<div class=\"elementor-element elementor-element-b28e96f elementor-widget__width-initial elementor-widget-laptop__width-auto elementor-widget elementor-widget-video\" data-id=\"b28e96f\" data-element_type=\"widget\" data-e-type=\"widget\" data-settings=\"{&quot;youtube_url&quot;:&quot;https:\\\/\\\/www.youtube.com\\\/watch?v=GKTju-tCgSw&amp;list=PLkccwzi_8SOs7yPEkJUh_j2nplJMw92oE&amp;index=2&quot;,&quot;video_type&quot;:&quot;youtube&quot;,&quot;controls&quot;:&quot;yes&quot;}\" data-widget_type=\"video.default\">\n\t\t\t\t<div class=\"elementor-widget-container\">\n\t\t\t\t\t\t\t<div class=\"elementor-wrapper elementor-open-inline\">\n\t\t\t<div class=\"elementor-video\"><\/div>\t\t<\/div>\n\t\t\t\t\t\t<\/div>\n\t\t\t\t<\/div>\n\t\t\t\t<div class=\"elementor-element elementor-element-f5f6120 elementor-widget__width-initial elementor-widget-laptop__width-initial elementor-widget elementor-widget-video\" data-id=\"f5f6120\" data-element_type=\"widget\" data-e-type=\"widget\" data-settings=\"{&quot;youtube_url&quot;:&quot;https:\\\/\\\/www.youtube.com\\\/watch?v=8cqVTWhFMik&amp;list=PLkccwzi_8SOs7yPEkJUh_j2nplJMw92oE&amp;index=3&quot;,&quot;video_type&quot;:&quot;youtube&quot;,&quot;controls&quot;:&quot;yes&quot;}\" data-widget_type=\"video.default\">\n\t\t\t\t<div class=\"elementor-widget-container\">\n\t\t\t\t\t\t\t<div class=\"elementor-wrapper elementor-open-inline\">\n\t\t\t<div class=\"elementor-video\"><\/div>\t\t<\/div>\n\t\t\t\t\t\t<\/div>\n\t\t\t\t<\/div>\n\t\t\t\t<div class=\"elementor-element elementor-element-d6e2d16 elementor-widget elementor-widget-heading\" data-id=\"d6e2d16\" data-element_type=\"widget\" data-e-type=\"widget\" data-widget_type=\"heading.default\">\n\t\t\t\t<div class=\"elementor-widget-container\">\n\t\t\t\t\t<h5 class=\"elementor-heading-title elementor-size-default\">Question 2: Housing crisis  <\/h5>\t\t\t\t<\/div>\n\t\t\t\t<\/div>\n\t\t\t\t<div class=\"elementor-element elementor-element-83e382a elementor-widget elementor-widget-text-editor\" data-id=\"83e382a\" data-element_type=\"widget\" data-e-type=\"widget\" data-widget_type=\"text-editor.default\">\n\t\t\t\t<div class=\"elementor-widget-container\">\n\t\t\t\t\t\t\t\t\t<p><strong>Context:<\/strong><br>In the Vaudreuil riding, the housing crisis is becoming increasingly worrying. Vacancy rates are extremely low &#8211; sometimes below 1%, well below the 3% break-even point recommended by CMHC. Meanwhile, rents continue to rise at a steady pace, with annual increases sometimes exceeding 10%, leaving modest-income households considerably more vulnerable. On a provincial scale, Quebec has its lowest vacancy rate in 20 years, at just 1.3%.   <\/p><p><strong>Question:<\/strong><br>What concrete measures do you propose to support the construction and perpetuation of affordable, non-profit housing, in order to guarantee fair access to housing in our region?<\/p>\t\t\t\t\t\t\t\t<\/div>\n\t\t\t\t<\/div>\n\t\t\t\t<div class=\"elementor-element elementor-element-b5738d8 elementor-widget__width-initial elementor-widget-laptop__width-auto elementor-widget elementor-widget-video\" data-id=\"b5738d8\" data-element_type=\"widget\" data-e-type=\"widget\" data-settings=\"{&quot;youtube_url&quot;:&quot;https:\\\/\\\/www.youtube.com\\\/watch?v=7BUA_jzAnP8&amp;list=PLkccwzi_8SOs7yPEkJUh_j2nplJMw92oE&amp;index=5&quot;,&quot;video_type&quot;:&quot;youtube&quot;,&quot;controls&quot;:&quot;yes&quot;}\" data-widget_type=\"video.default\">\n\t\t\t\t<div class=\"elementor-widget-container\">\n\t\t\t\t\t\t\t<div class=\"elementor-wrapper elementor-open-inline\">\n\t\t\t<div class=\"elementor-video\"><\/div>\t\t<\/div>\n\t\t\t\t\t\t<\/div>\n\t\t\t\t<\/div>\n\t\t\t\t<div class=\"elementor-element elementor-element-a647558 elementor-widget__width-initial elementor-widget-laptop__width-auto elementor-widget elementor-widget-video\" data-id=\"a647558\" data-element_type=\"widget\" data-e-type=\"widget\" data-settings=\"{&quot;youtube_url&quot;:&quot;https:\\\/\\\/www.youtube.com\\\/watch?v=j-tVsL7GBBQ&amp;list=PLkccwzi_8SOs7yPEkJUh_j2nplJMw92oE&amp;index=6&quot;,&quot;video_type&quot;:&quot;youtube&quot;,&quot;controls&quot;:&quot;yes&quot;}\" data-widget_type=\"video.default\">\n\t\t\t\t<div class=\"elementor-widget-container\">\n\t\t\t\t\t\t\t<div class=\"elementor-wrapper elementor-open-inline\">\n\t\t\t<div class=\"elementor-video\"><\/div>\t\t<\/div>\n\t\t\t\t\t\t<\/div>\n\t\t\t\t<\/div>\n\t\t\t\t<div class=\"elementor-element elementor-element-2e25334 elementor-widget__width-initial elementor-widget-laptop__width-auto elementor-widget elementor-widget-video\" data-id=\"2e25334\" data-element_type=\"widget\" data-e-type=\"widget\" data-settings=\"{&quot;youtube_url&quot;:&quot;https:\\\/\\\/www.youtube.com\\\/watch?v=32f6nx5Jw18&amp;list=PLkccwzi_8SOs7yPEkJUh_j2nplJMw92oE&amp;index=4&quot;,&quot;video_type&quot;:&quot;youtube&quot;,&quot;controls&quot;:&quot;yes&quot;}\" data-widget_type=\"video.default\">\n\t\t\t\t<div class=\"elementor-widget-container\">\n\t\t\t\t\t\t\t<div class=\"elementor-wrapper elementor-open-inline\">\n\t\t\t<div class=\"elementor-video\"><\/div>\t\t<\/div>\n\t\t\t\t\t\t<\/div>\n\t\t\t\t<\/div>\n\t\t\t\t<div class=\"elementor-element elementor-element-6dffcd6 elementor-widget elementor-widget-heading\" data-id=\"6dffcd6\" data-element_type=\"widget\" data-e-type=\"widget\" data-widget_type=\"heading.default\">\n\t\t\t\t<div class=\"elementor-widget-container\">\n\t\t\t\t\t<h5 class=\"elementor-heading-title elementor-size-default\">Question 3: Immigration<\/h5>\t\t\t\t<\/div>\n\t\t\t\t<\/div>\n\t\t\t\t<div class=\"elementor-element elementor-element-fb5513e elementor-widget elementor-widget-text-editor\" data-id=\"fb5513e\" data-element_type=\"widget\" data-e-type=\"widget\" data-widget_type=\"text-editor.default\">\n\t\t\t\t<div class=\"elementor-widget-container\">\n\t\t\t\t\t\t\t\t\t<p><strong>Context:<\/strong><br>The federal riding of Vaudreuil has experienced significant demographic growth in recent years, thanks in particular to the arrival of new immigrants. However, this rapid growth is putting a strain on local resources, whether in terms of integration services, access to housing, educational infrastructure or employment opportunities. <\/p><p><span style=\"font-style: inherit;\"><b>Question :<br><\/b><\/span><span style=\"font-style: inherit; font-weight: inherit;\">What measures do you propose to ensure that new arrivals are properly welcomed and that their needs are effectively met, in order to maintain and improve their quality of life?<\/span><\/p>\t\t\t\t\t\t\t\t<\/div>\n\t\t\t\t<\/div>\n\t\t\t\t<div class=\"elementor-element elementor-element-f710988 elementor-widget__width-initial elementor-widget-laptop__width-auto elementor-widget elementor-widget-video\" data-id=\"f710988\" data-element_type=\"widget\" data-e-type=\"widget\" data-settings=\"{&quot;youtube_url&quot;:&quot;https:\\\/\\\/www.youtube.com\\\/watch?v=7BUA_jzAnP8&amp;list=PLkccwzi_8SOs7yPEkJUh_j2nplJMw92oE&amp;index=5&quot;,&quot;video_type&quot;:&quot;youtube&quot;,&quot;controls&quot;:&quot;yes&quot;}\" data-widget_type=\"video.default\">\n\t\t\t\t<div class=\"elementor-widget-container\">\n\t\t\t\t\t\t\t<div class=\"elementor-wrapper elementor-open-inline\">\n\t\t\t<div class=\"elementor-video\"><\/div>\t\t<\/div>\n\t\t\t\t\t\t<\/div>\n\t\t\t\t<\/div>\n\t\t\t\t<div class=\"elementor-element elementor-element-54a1789 elementor-widget__width-initial elementor-widget-laptop__width-auto elementor-widget elementor-widget-video\" data-id=\"54a1789\" data-element_type=\"widget\" data-e-type=\"widget\" data-settings=\"{&quot;youtube_url&quot;:&quot;https:\\\/\\\/www.youtube.com\\\/watch?v=i414cc3TCi0&amp;list=PLkccwzi_8SOs7yPEkJUh_j2nplJMw92oE&amp;index=8&quot;,&quot;video_type&quot;:&quot;youtube&quot;,&quot;controls&quot;:&quot;yes&quot;}\" data-widget_type=\"video.default\">\n\t\t\t\t<div class=\"elementor-widget-container\">\n\t\t\t\t\t\t\t<div class=\"elementor-wrapper elementor-open-inline\">\n\t\t\t<div class=\"elementor-video\"><\/div>\t\t<\/div>\n\t\t\t\t\t\t<\/div>\n\t\t\t\t<\/div>\n\t\t\t\t<div class=\"elementor-element elementor-element-c04f85c elementor-widget__width-initial elementor-widget-laptop__width-auto elementor-widget elementor-widget-video\" data-id=\"c04f85c\" data-element_type=\"widget\" data-e-type=\"widget\" data-settings=\"{&quot;youtube_url&quot;:&quot;https:\\\/\\\/www.youtube.com\\\/watch?v=EoLwa6ZLz8M&amp;list=PLkccwzi_8SOs7yPEkJUh_j2nplJMw92oE&amp;index=7&quot;,&quot;video_type&quot;:&quot;youtube&quot;,&quot;controls&quot;:&quot;yes&quot;}\" data-widget_type=\"video.default\">\n\t\t\t\t<div class=\"elementor-widget-container\">\n\t\t\t\t\t\t\t<div class=\"elementor-wrapper elementor-open-inline\">\n\t\t\t<div class=\"elementor-video\"><\/div>\t\t<\/div>\n\t\t\t\t\t\t<\/div>\n\t\t\t\t<\/div>\n\t\t\t\t<div class=\"elementor-element elementor-element-ccae55d elementor-widget elementor-widget-heading\" data-id=\"ccae55d\" data-element_type=\"widget\" data-e-type=\"widget\" data-widget_type=\"heading.default\">\n\t\t\t\t<div class=\"elementor-widget-container\">\n\t\t\t\t\t<h5 class=\"elementor-heading-title elementor-size-default\">Question 4: Environment<\/h5>\t\t\t\t<\/div>\n\t\t\t\t<\/div>\n\t\t\t\t<div class=\"elementor-element elementor-element-f92468c elementor-widget elementor-widget-text-editor\" data-id=\"f92468c\" data-element_type=\"widget\" data-e-type=\"widget\" data-widget_type=\"text-editor.default\">\n\t\t\t\t<div class=\"elementor-widget-container\">\n\t\t\t\t\t\t\t\t\t<p><strong>Context:<\/strong><br>The Vaudreuil district is already experiencing the consequences of climate change, including flooding in 2017 and 2019, torrential rains last August, summer heat waves and water shortages in several municipalities. A number of local initiatives have been launched in response, including organic waste collection, a municipal commitment to climate protection, improved public transport and the promotion of active mobility. However, challenges remain, particularly in terms of adapting to climate impacts and supporting local infrastructures.  <\/p><p><strong>Question:<\/strong><br>What concrete measures do you propose to strengthen these local initiatives, support adaptation to climate change and ensure our community&#8217;s resilience in the face of present and future environmental challenges?<\/p>\t\t\t\t\t\t\t\t<\/div>\n\t\t\t\t<\/div>\n\t\t\t\t<div class=\"elementor-element elementor-element-fde2093 elementor-widget__width-initial elementor-widget-laptop__width-auto elementor-widget elementor-widget-video\" data-id=\"fde2093\" data-element_type=\"widget\" data-e-type=\"widget\" data-settings=\"{&quot;youtube_url&quot;:&quot;https:\\\/\\\/www.youtube.com\\\/watch?v=mKtCrKeHICk&amp;list=PLkccwzi_8SOs7yPEkJUh_j2nplJMw92oE&amp;index=18&quot;,&quot;video_type&quot;:&quot;youtube&quot;,&quot;controls&quot;:&quot;yes&quot;}\" data-widget_type=\"video.default\">\n\t\t\t\t<div class=\"elementor-widget-container\">\n\t\t\t\t\t\t\t<div class=\"elementor-wrapper elementor-open-inline\">\n\t\t\t<div class=\"elementor-video\"><\/div>\t\t<\/div>\n\t\t\t\t\t\t<\/div>\n\t\t\t\t<\/div>\n\t\t\t\t<div class=\"elementor-element elementor-element-276d276 elementor-widget__width-initial elementor-widget-laptop__width-auto elementor-widget elementor-widget-video\" data-id=\"276d276\" data-element_type=\"widget\" data-e-type=\"widget\" data-settings=\"{&quot;youtube_url&quot;:&quot;https:\\\/\\\/www.youtube.com\\\/watch?v=RfIoHjeUUSc&amp;list=PLkccwzi_8SOs7yPEkJUh_j2nplJMw92oE&amp;index=14&quot;,&quot;video_type&quot;:&quot;youtube&quot;,&quot;controls&quot;:&quot;yes&quot;}\" data-widget_type=\"video.default\">\n\t\t\t\t<div class=\"elementor-widget-container\">\n\t\t\t\t\t\t\t<div class=\"elementor-wrapper elementor-open-inline\">\n\t\t\t<div class=\"elementor-video\"><\/div>\t\t<\/div>\n\t\t\t\t\t\t<\/div>\n\t\t\t\t<\/div>\n\t\t\t\t<div class=\"elementor-element elementor-element-2f26f2c elementor-widget__width-initial elementor-widget-laptop__width-auto elementor-widget elementor-widget-video\" data-id=\"2f26f2c\" data-element_type=\"widget\" data-e-type=\"widget\" data-settings=\"{&quot;youtube_url&quot;:&quot;https:\\\/\\\/www.youtube.com\\\/watch?v=PwTi7VvUu_4&amp;list=PLkccwzi_8SOs7yPEkJUh_j2nplJMw92oE&amp;index=22&quot;,&quot;video_type&quot;:&quot;youtube&quot;,&quot;controls&quot;:&quot;yes&quot;}\" data-widget_type=\"video.default\">\n\t\t\t\t<div class=\"elementor-widget-container\">\n\t\t\t\t\t\t\t<div class=\"elementor-wrapper elementor-open-inline\">\n\t\t\t<div class=\"elementor-video\"><\/div>\t\t<\/div>\n\t\t\t\t\t\t<\/div>\n\t\t\t\t<\/div>\n\t\t\t\t<div class=\"elementor-element elementor-element-bf66016 elementor-widget elementor-widget-heading\" data-id=\"bf66016\" data-element_type=\"widget\" data-e-type=\"widget\" data-widget_type=\"heading.default\">\n\t\t\t\t<div class=\"elementor-widget-container\">\n\t\t\t\t\t<h5 class=\"elementor-heading-title elementor-size-default\">Question 5: Combating poverty and supporting families<\/h5>\t\t\t\t<\/div>\n\t\t\t\t<\/div>\n\t\t\t\t<div class=\"elementor-element elementor-element-b88be02 elementor-widget elementor-widget-text-editor\" data-id=\"b88be02\" data-element_type=\"widget\" data-e-type=\"widget\" data-widget_type=\"text-editor.default\">\n\t\t\t\t<div class=\"elementor-widget-container\">\n\t\t\t\t\t\t\t\t\t<p><strong>Context:<\/strong><br>Social inclusion remains a major challenge in the Vaudreuil district, particularly for groups in vulnerable situations, who face additional obstacles to full access to public services and participation in community life. Seniors, young families and people with disabilities often face specific difficulties: social isolation, limited access to adapted infrastructures, or insufficient support in their day-to-day activities. Against a backdrop of aging demographics, the challenges of reconciling work and family life, and the barriers faced by people with disabilities, it is essential that public policies are designed with an inclusive and equitable approach.  <\/p><p><strong>Question:<\/strong><br>In this context, how does your government intend to concretely strengthen social inclusion, improve accessibility to public services and offer adapted services that meet the specific needs of people in vulnerable situations, notably seniors, young families and people with disabilities?<\/p>\t\t\t\t\t\t\t\t<\/div>\n\t\t\t\t<\/div>\n\t\t\t\t<div class=\"elementor-element elementor-element-b5db2c8 elementor-widget__width-initial elementor-widget-laptop__width-auto elementor-widget elementor-widget-video\" data-id=\"b5db2c8\" data-element_type=\"widget\" data-e-type=\"widget\" data-settings=\"{&quot;youtube_url&quot;:&quot;https:\\\/\\\/www.youtube.com\\\/watch?v=d6ZS9nDg1ug&amp;list=PLkccwzi_8SOs7yPEkJUh_j2nplJMw92oE&amp;index=15&quot;,&quot;video_type&quot;:&quot;youtube&quot;,&quot;controls&quot;:&quot;yes&quot;}\" data-widget_type=\"video.default\">\n\t\t\t\t<div class=\"elementor-widget-container\">\n\t\t\t\t\t\t\t<div class=\"elementor-wrapper elementor-open-inline\">\n\t\t\t<div class=\"elementor-video\"><\/div>\t\t<\/div>\n\t\t\t\t\t\t<\/div>\n\t\t\t\t<\/div>\n\t\t\t\t<div class=\"elementor-element elementor-element-de94ef7 elementor-widget__width-initial elementor-widget-laptop__width-auto elementor-widget elementor-widget-video\" data-id=\"de94ef7\" data-element_type=\"widget\" data-e-type=\"widget\" data-settings=\"{&quot;youtube_url&quot;:&quot;https:\\\/\\\/www.youtube.com\\\/watch?v=piyszN6BuzU&amp;list=PLkccwzi_8SOs7yPEkJUh_j2nplJMw92oE&amp;index=19&quot;,&quot;video_type&quot;:&quot;youtube&quot;,&quot;controls&quot;:&quot;yes&quot;}\" data-widget_type=\"video.default\">\n\t\t\t\t<div class=\"elementor-widget-container\">\n\t\t\t\t\t\t\t<div class=\"elementor-wrapper elementor-open-inline\">\n\t\t\t<div class=\"elementor-video\"><\/div>\t\t<\/div>\n\t\t\t\t\t\t<\/div>\n\t\t\t\t<\/div>\n\t\t\t\t<div class=\"elementor-element elementor-element-0de3ffa elementor-widget__width-initial elementor-widget-laptop__width-auto elementor-widget elementor-widget-video\" data-id=\"0de3ffa\" data-element_type=\"widget\" data-e-type=\"widget\" data-settings=\"{&quot;youtube_url&quot;:&quot;https:\\\/\\\/www.youtube.com\\\/watch?v=uVIAB3pjo0c&amp;list=PLkccwzi_8SOs7yPEkJUh_j2nplJMw92oE&amp;index=20&quot;,&quot;video_type&quot;:&quot;youtube&quot;,&quot;controls&quot;:&quot;yes&quot;}\" data-widget_type=\"video.default\">\n\t\t\t\t<div class=\"elementor-widget-container\">\n\t\t\t\t\t\t\t<div class=\"elementor-wrapper elementor-open-inline\">\n\t\t\t<div class=\"elementor-video\"><\/div>\t\t<\/div>\n\t\t\t\t\t\t<\/div>\n\t\t\t\t<\/div>\n\t\t\t\t<div class=\"elementor-element elementor-element-e6c5827 elementor-widget elementor-widget-spacer\" data-id=\"e6c5827\" data-element_type=\"widget\" data-e-type=\"widget\" data-widget_type=\"spacer.default\">\n\t\t\t\t<div class=\"elementor-widget-container\">\n\t\t\t\t\t\t\t<div class=\"elementor-spacer\">\n\t\t\t<div class=\"elementor-spacer-inner\"><\/div>\n\t\t<\/div>\n\t\t\t\t\t\t<\/div>\n\t\t\t\t<\/div>\n\t\t\t\t<div class=\"elementor-element elementor-element-1050d90 elementor-widget elementor-widget-heading\" data-id=\"1050d90\" data-element_type=\"widget\" data-e-type=\"widget\" data-widget_type=\"heading.default\">\n\t\t\t\t<div class=\"elementor-widget-container\">\n\t\t\t\t\t<h5 class=\"elementor-heading-title elementor-size-default\"><a href=\"https:\/\/www.elections.ca\/Scripts\/vis\/EDInfo?L=f&#038;ED=24076&#038;EV=62&#038;EV_TYPE=1&#038;PROV=QC&#038;PROVID=24&#038;QID=-1&#038;PAGEID=21\">To find your polling station: <u>Elections Canada site for Vaudreuil<\/u><\/a><\/h5>\t\t\t\t<\/div>\n\t\t\t\t<\/div>\n\t\t\t\t<div class=\"elementor-element elementor-element-d8a58fa elementor-widget elementor-widget-text-editor\" data-id=\"d8a58fa\" data-element_type=\"widget\" data-e-type=\"widget\" data-widget_type=\"text-editor.default\">\n\t\t\t\t<div class=\"elementor-widget-container\">\n\t\t\t\t\t\t\t\t\t<p><strong>Thank you to the candidates for their participation in this CDC initiative.<\/strong><\/p><p><strong style=\"font-style: inherit;\">About the CDC de Vaudreuil-Soulanges<\/strong><\/p><p>The Community Development Corporation of Vaudreuil-Soulanges is a non-profit organization dedicated to fostering community involvement in the socio-economic development of the region. The CDC&#8217;s mission is also to inform the population about the assistance, support and information resources available in the Vaudreuil-Soulanges MRC.<\/p><p>For further information, please contact :<\/p><p>S\u00e9bastien Legros<br>General Manager<br>Corporation de d\u00e9veloppement communautaire de Vaudreuil-Soulanges<br><a href=\"mailto:direction@cdcvs.ca\">direction@cdcvs.ca<\/a><br>450 424-3717<\/p>\t\t\t\t\t\t\t\t<\/div>\n\t\t\t\t<\/div>\n\t\t\t\t<\/div>\n\t\t\t\t<\/div>\n\t\t","protected":false},"excerpt":{"rendered":"<p>Federal candidates speak out on community issues in the Vaudreuil riding Vaudreuil-Soulanges, April 14, 2025 In preparation for the federal [&hellip;]<\/p>\n","protected":false},"author":1,"featured_media":4167,"comment_status":"closed","ping_status":"open","sticky":false,"template":"","format":"standard","meta":{"_acf_changed":false,"site-sidebar-layout":"default","site-content-layout":"","ast-site-content-layout":"","site-content-style":"default","site-sidebar-style":"default","ast-global-header-display":"","ast-banner-title-visibility":"","ast-main-header-display":"","ast-hfb-above-header-display":"","ast-hfb-below-header-display":"","ast-hfb-mobile-header-display":"","site-post-title":"","ast-breadcrumbs-content":"","ast-featured-img":"","footer-sml-layout":"","theme-transparent-header-meta":"","adv-header-id-meta":"","stick-header-meta":"","header-above-stick-meta":"","header-main-stick-meta":"","header-below-stick-meta":"","astra-migrate-meta-layouts":"default","ast-page-background-enabled":"default","ast-page-background-meta":{"desktop":{"background-color":"var(--ast-global-color-4)","background-image":"","background-repeat":"repeat","background-position":"center center","background-size":"auto","background-attachment":"scroll","background-type":"","background-media":"","overlay-type":"","overlay-color":"","overlay-opacity":"","overlay-gradient":""},"tablet":{"background-color":"","background-image":"","background-repeat":"repeat","background-position":"center center","background-size":"auto","background-attachment":"scroll","background-type":"","background-media":"","overlay-type":"","overlay-color":"","overlay-opacity":"","overlay-gradient":""},"mobile":{"background-color":"","background-image":"","background-repeat":"repeat","background-position":"center center","background-size":"auto","background-attachment":"scroll","background-type":"","background-media":"","overlay-type":"","overlay-color":"","overlay-opacity":"","overlay-gradient":""}},"ast-content-background-meta":{"desktop":{"background-color":"var(--ast-global-color-5)","background-image":"","background-repeat":"repeat","background-position":"center center","background-size":"auto","background-attachment":"scroll","background-type":"","background-media":"","overlay-type":"","overlay-color":"","overlay-opacity":"","overlay-gradient":""},"tablet":{"background-color":"var(--ast-global-color-5)","background-image":"","background-repeat":"repeat","background-position":"center center","background-size":"auto","background-attachment":"scroll","background-type":"","background-media":"","overlay-type":"","overlay-color":"","overlay-opacity":"","overlay-gradient":""},"mobile":{"background-color":"var(--ast-global-color-5)","background-image":"","background-repeat":"repeat","background-position":"center center","background-size":"auto","background-attachment":"scroll","background-type":"","background-media":"","overlay-type":"","overlay-color":"","overlay-opacity":"","overlay-gradient":""}},"footnotes":""},"categories":[1],"tags":[],"class_list":["post-3428","post","type-post","status-publish","format-standard","has-post-thumbnail","hentry","category-non-classifiee"],"acf":[],"yoast_head":"<!-- This site is optimized with the Yoast SEO plugin v25.7 - https:\/\/yoast.com\/wordpress\/plugins\/seo\/ -->\n<title>Federal candidates speak out on community issues in the Vaudreuil riding - Corporation de d\u00e9veloppement communautaire - Vaudreuil-Soulanges<\/title>\n<meta name=\"robots\" content=\"index, follow, max-snippet:-1, max-image-preview:large, max-video-preview:-1\" \/>\n<link rel=\"canonical\" href=\"https:\/\/cdcvs.ca\/en\/news-on-training\/\" \/>\n<meta property=\"og:locale\" content=\"en_US\" \/>\n<meta property=\"og:type\" content=\"article\" \/>\n<meta property=\"og:title\" content=\"Federal candidates speak out on community issues in the Vaudreuil riding - Corporation de d\u00e9veloppement communautaire - Vaudreuil-Soulanges\" \/>\n<meta property=\"og:description\" content=\"Federal candidates speak out on community issues in the Vaudreuil riding Vaudreuil-Soulanges, April 14, 2025 In preparation for the federal [&hellip;]\" \/>\n<meta property=\"og:url\" content=\"https:\/\/cdcvs.ca\/en\/news-on-training\/\" \/>\n<meta property=\"og:site_name\" content=\"Corporation de d\u00e9veloppement communautaire - Vaudreuil-Soulanges\" \/>\n<meta property=\"article:publisher\" content=\"https:\/\/www.facebook.com\/corporationdedeveloppement.communautairevs\/\" \/>\n<meta property=\"article:published_time\" content=\"2025-04-10T18:21:31+00:00\" \/>\n<meta property=\"article:modified_time\" content=\"2025-12-01T18:55:26+00:00\" \/>\n<meta property=\"og:image\" content=\"https:\/\/cdcvs.ca\/wp-content\/uploads\/2025\/04\/image.png\" \/>\n\t<meta property=\"og:image:width\" content=\"1024\" \/>\n\t<meta property=\"og:image:height\" content=\"1024\" \/>\n\t<meta property=\"og:image:type\" content=\"image\/png\" \/>\n<meta name=\"author\" content=\"cdcvs-admin\" \/>\n<meta name=\"twitter:card\" content=\"summary_large_image\" \/>\n<meta name=\"twitter:label1\" content=\"Written by\" \/>\n\t<meta name=\"twitter:data1\" content=\"cdcvs-admin\" \/>\n\t<meta name=\"twitter:label2\" content=\"Est. reading time\" \/>\n\t<meta name=\"twitter:data2\" content=\"6 minutes\" \/>\n<script type=\"application\/ld+json\" class=\"yoast-schema-graph\">{\"@context\":\"https:\/\/schema.org\",\"@graph\":[{\"@type\":\"Article\",\"@id\":\"https:\/\/cdcvs.ca\/en\/news-on-training\/#article\",\"isPartOf\":{\"@id\":\"https:\/\/cdcvs.ca\/en\/news-on-training\/\"},\"author\":{\"name\":\"cdcvs-admin\",\"@id\":\"https:\/\/cdcvs.ca\/en\/#\/schema\/person\/3a07b1a14c35ef2cf1cace6092fde9d4\"},\"headline\":\"Federal candidates speak out on community issues in the Vaudreuil riding\",\"datePublished\":\"2025-04-10T18:21:31+00:00\",\"dateModified\":\"2025-12-01T18:55:26+00:00\",\"mainEntityOfPage\":{\"@id\":\"https:\/\/cdcvs.ca\/en\/news-on-training\/\"},\"wordCount\":1224,\"publisher\":{\"@id\":\"https:\/\/cdcvs.ca\/en\/#organization\"},\"image\":{\"@id\":\"https:\/\/cdcvs.ca\/en\/news-on-training\/#primaryimage\"},\"thumbnailUrl\":\"https:\/\/cdcvs.ca\/wp-content\/uploads\/2025\/04\/image.png\",\"articleSection\":[\"Non classifi\u00e9(e)\"],\"inLanguage\":\"en-US\"},{\"@type\":\"WebPage\",\"@id\":\"https:\/\/cdcvs.ca\/en\/news-on-training\/\",\"url\":\"https:\/\/cdcvs.ca\/en\/news-on-training\/\",\"name\":\"Federal candidates speak out on community issues in the Vaudreuil riding - Corporation de d\u00e9veloppement communautaire - Vaudreuil-Soulanges\",\"isPartOf\":{\"@id\":\"https:\/\/cdcvs.ca\/en\/#website\"},\"primaryImageOfPage\":{\"@id\":\"https:\/\/cdcvs.ca\/en\/news-on-training\/#primaryimage\"},\"image\":{\"@id\":\"https:\/\/cdcvs.ca\/en\/news-on-training\/#primaryimage\"},\"thumbnailUrl\":\"https:\/\/cdcvs.ca\/wp-content\/uploads\/2025\/04\/image.png\",\"datePublished\":\"2025-04-10T18:21:31+00:00\",\"dateModified\":\"2025-12-01T18:55:26+00:00\",\"breadcrumb\":{\"@id\":\"https:\/\/cdcvs.ca\/en\/news-on-training\/#breadcrumb\"},\"inLanguage\":\"en-US\",\"potentialAction\":[{\"@type\":\"ReadAction\",\"target\":[\"https:\/\/cdcvs.ca\/en\/news-on-training\/\"]}]},{\"@type\":\"ImageObject\",\"inLanguage\":\"en-US\",\"@id\":\"https:\/\/cdcvs.ca\/en\/news-on-training\/#primaryimage\",\"url\":\"https:\/\/cdcvs.ca\/wp-content\/uploads\/2025\/04\/image.png\",\"contentUrl\":\"https:\/\/cdcvs.ca\/wp-content\/uploads\/2025\/04\/image.png\",\"width\":1024,\"height\":1024},{\"@type\":\"BreadcrumbList\",\"@id\":\"https:\/\/cdcvs.ca\/en\/news-on-training\/#breadcrumb\",\"itemListElement\":[{\"@type\":\"ListItem\",\"position\":1,\"name\":\"Accueil\",\"item\":\"https:\/\/cdcvs.ca\/en\/home\/\"},{\"@type\":\"ListItem\",\"position\":2,\"name\":\"Federal candidates speak out on community issues in the Vaudreuil riding\"}]},{\"@type\":\"WebSite\",\"@id\":\"https:\/\/cdcvs.ca\/en\/#website\",\"url\":\"https:\/\/cdcvs.ca\/en\/\",\"name\":\"Corporation de d\u00e9veloppement communautaire - Vaudreuil-Soulanges\",\"description\":\"\",\"publisher\":{\"@id\":\"https:\/\/cdcvs.ca\/en\/#organization\"},\"potentialAction\":[{\"@type\":\"SearchAction\",\"target\":{\"@type\":\"EntryPoint\",\"urlTemplate\":\"https:\/\/cdcvs.ca\/en\/?s={search_term_string}\"},\"query-input\":{\"@type\":\"PropertyValueSpecification\",\"valueRequired\":true,\"valueName\":\"search_term_string\"}}],\"inLanguage\":\"en-US\"},{\"@type\":\"Organization\",\"@id\":\"https:\/\/cdcvs.ca\/en\/#organization\",\"name\":\"Corporation de d\u00e9veloppement communautaire - Vaudreuil-Soulanges\",\"url\":\"https:\/\/cdcvs.ca\/en\/\",\"logo\":{\"@type\":\"ImageObject\",\"inLanguage\":\"en-US\",\"@id\":\"https:\/\/cdcvs.ca\/en\/#\/schema\/logo\/image\/\",\"url\":\"https:\/\/cdcvs.ca\/wp-content\/uploads\/2024\/09\/CDC-VS-logo-header.svg\",\"contentUrl\":\"https:\/\/cdcvs.ca\/wp-content\/uploads\/2024\/09\/CDC-VS-logo-header.svg\",\"width\":273,\"height\":68,\"caption\":\"Corporation de d\u00e9veloppement communautaire - Vaudreuil-Soulanges\"},\"image\":{\"@id\":\"https:\/\/cdcvs.ca\/en\/#\/schema\/logo\/image\/\"},\"sameAs\":[\"https:\/\/www.facebook.com\/corporationdedeveloppement.communautairevs\/\"]},{\"@type\":\"Person\",\"@id\":\"https:\/\/cdcvs.ca\/en\/#\/schema\/person\/3a07b1a14c35ef2cf1cace6092fde9d4\",\"name\":\"cdcvs-admin\",\"image\":{\"@type\":\"ImageObject\",\"inLanguage\":\"en-US\",\"@id\":\"https:\/\/cdcvs.ca\/en\/#\/schema\/person\/image\/\",\"url\":\"https:\/\/secure.gravatar.com\/avatar\/784c3cd511937876684c3be7fccdc5d22e218b9108a33e405a3075157ee49dbf?s=96&d=mm&r=g\",\"contentUrl\":\"https:\/\/secure.gravatar.com\/avatar\/784c3cd511937876684c3be7fccdc5d22e218b9108a33e405a3075157ee49dbf?s=96&d=mm&r=g\",\"caption\":\"cdcvs-admin\"},\"sameAs\":[\"http:\/\/cdcvs.ca\"]}]}<\/script>\n<!-- \/ Yoast SEO plugin. -->","yoast_head_json":{"title":"Federal candidates speak out on community issues in the Vaudreuil riding - Corporation de d\u00e9veloppement communautaire - Vaudreuil-Soulanges","robots":{"index":"index","follow":"follow","max-snippet":"max-snippet:-1","max-image-preview":"max-image-preview:large","max-video-preview":"max-video-preview:-1"},"canonical":"https:\/\/cdcvs.ca\/en\/news-on-training\/","og_locale":"en_US","og_type":"article","og_title":"Federal candidates speak out on community issues in the Vaudreuil riding - Corporation de d\u00e9veloppement communautaire - Vaudreuil-Soulanges","og_description":"Federal candidates speak out on community issues in the Vaudreuil riding Vaudreuil-Soulanges, April 14, 2025 In preparation for the federal [&hellip;]","og_url":"https:\/\/cdcvs.ca\/en\/news-on-training\/","og_site_name":"Corporation de d\u00e9veloppement communautaire - Vaudreuil-Soulanges","article_publisher":"https:\/\/www.facebook.com\/corporationdedeveloppement.communautairevs\/","article_published_time":"2025-04-10T18:21:31+00:00","article_modified_time":"2025-12-01T18:55:26+00:00","og_image":[{"width":1024,"height":1024,"url":"https:\/\/cdcvs.ca\/wp-content\/uploads\/2025\/04\/image.png","type":"image\/png"}],"author":"cdcvs-admin","twitter_card":"summary_large_image","twitter_misc":{"Written by":"cdcvs-admin","Est. reading time":"6 minutes"},"schema":{"@context":"https:\/\/schema.org","@graph":[{"@type":"Article","@id":"https:\/\/cdcvs.ca\/en\/news-on-training\/#article","isPartOf":{"@id":"https:\/\/cdcvs.ca\/en\/news-on-training\/"},"author":{"name":"cdcvs-admin","@id":"https:\/\/cdcvs.ca\/en\/#\/schema\/person\/3a07b1a14c35ef2cf1cace6092fde9d4"},"headline":"Federal candidates speak out on community issues in the Vaudreuil riding","datePublished":"2025-04-10T18:21:31+00:00","dateModified":"2025-12-01T18:55:26+00:00","mainEntityOfPage":{"@id":"https:\/\/cdcvs.ca\/en\/news-on-training\/"},"wordCount":1224,"publisher":{"@id":"https:\/\/cdcvs.ca\/en\/#organization"},"image":{"@id":"https:\/\/cdcvs.ca\/en\/news-on-training\/#primaryimage"},"thumbnailUrl":"https:\/\/cdcvs.ca\/wp-content\/uploads\/2025\/04\/image.png","articleSection":["Non classifi\u00e9(e)"],"inLanguage":"en-US"},{"@type":"WebPage","@id":"https:\/\/cdcvs.ca\/en\/news-on-training\/","url":"https:\/\/cdcvs.ca\/en\/news-on-training\/","name":"Federal candidates speak out on community issues in the Vaudreuil riding - Corporation de d\u00e9veloppement communautaire - Vaudreuil-Soulanges","isPartOf":{"@id":"https:\/\/cdcvs.ca\/en\/#website"},"primaryImageOfPage":{"@id":"https:\/\/cdcvs.ca\/en\/news-on-training\/#primaryimage"},"image":{"@id":"https:\/\/cdcvs.ca\/en\/news-on-training\/#primaryimage"},"thumbnailUrl":"https:\/\/cdcvs.ca\/wp-content\/uploads\/2025\/04\/image.png","datePublished":"2025-04-10T18:21:31+00:00","dateModified":"2025-12-01T18:55:26+00:00","breadcrumb":{"@id":"https:\/\/cdcvs.ca\/en\/news-on-training\/#breadcrumb"},"inLanguage":"en-US","potentialAction":[{"@type":"ReadAction","target":["https:\/\/cdcvs.ca\/en\/news-on-training\/"]}]},{"@type":"ImageObject","inLanguage":"en-US","@id":"https:\/\/cdcvs.ca\/en\/news-on-training\/#primaryimage","url":"https:\/\/cdcvs.ca\/wp-content\/uploads\/2025\/04\/image.png","contentUrl":"https:\/\/cdcvs.ca\/wp-content\/uploads\/2025\/04\/image.png","width":1024,"height":1024},{"@type":"BreadcrumbList","@id":"https:\/\/cdcvs.ca\/en\/news-on-training\/#breadcrumb","itemListElement":[{"@type":"ListItem","position":1,"name":"Accueil","item":"https:\/\/cdcvs.ca\/en\/home\/"},{"@type":"ListItem","position":2,"name":"Federal candidates speak out on community issues in the Vaudreuil riding"}]},{"@type":"WebSite","@id":"https:\/\/cdcvs.ca\/en\/#website","url":"https:\/\/cdcvs.ca\/en\/","name":"Corporation de d\u00e9veloppement communautaire - Vaudreuil-Soulanges","description":"","publisher":{"@id":"https:\/\/cdcvs.ca\/en\/#organization"},"potentialAction":[{"@type":"SearchAction","target":{"@type":"EntryPoint","urlTemplate":"https:\/\/cdcvs.ca\/en\/?s={search_term_string}"},"query-input":{"@type":"PropertyValueSpecification","valueRequired":true,"valueName":"search_term_string"}}],"inLanguage":"en-US"},{"@type":"Organization","@id":"https:\/\/cdcvs.ca\/en\/#organization","name":"Corporation de d\u00e9veloppement communautaire - Vaudreuil-Soulanges","url":"https:\/\/cdcvs.ca\/en\/","logo":{"@type":"ImageObject","inLanguage":"en-US","@id":"https:\/\/cdcvs.ca\/en\/#\/schema\/logo\/image\/","url":"https:\/\/cdcvs.ca\/wp-content\/uploads\/2024\/09\/CDC-VS-logo-header.svg","contentUrl":"https:\/\/cdcvs.ca\/wp-content\/uploads\/2024\/09\/CDC-VS-logo-header.svg","width":273,"height":68,"caption":"Corporation de d\u00e9veloppement communautaire - Vaudreuil-Soulanges"},"image":{"@id":"https:\/\/cdcvs.ca\/en\/#\/schema\/logo\/image\/"},"sameAs":["https:\/\/www.facebook.com\/corporationdedeveloppement.communautairevs\/"]},{"@type":"Person","@id":"https:\/\/cdcvs.ca\/en\/#\/schema\/person\/3a07b1a14c35ef2cf1cace6092fde9d4","name":"cdcvs-admin","image":{"@type":"ImageObject","inLanguage":"en-US","@id":"https:\/\/cdcvs.ca\/en\/#\/schema\/person\/image\/","url":"https:\/\/secure.gravatar.com\/avatar\/784c3cd511937876684c3be7fccdc5d22e218b9108a33e405a3075157ee49dbf?s=96&d=mm&r=g","contentUrl":"https:\/\/secure.gravatar.com\/avatar\/784c3cd511937876684c3be7fccdc5d22e218b9108a33e405a3075157ee49dbf?s=96&d=mm&r=g","caption":"cdcvs-admin"},"sameAs":["http:\/\/cdcvs.ca"]}]}},"publishpress_future_action":{"enabled":false,"date":"2026-05-06 23:07:21","action":"change-status","newStatus":"draft","terms":[],"taxonomy":"category","extraData":[]},"publishpress_future_workflow_manual_trigger":{"enabledWorkflows":[]},"_links":{"self":[{"href":"https:\/\/cdcvs.ca\/en\/wp-json\/wp\/v2\/posts\/3428","targetHints":{"allow":["GET"]}}],"collection":[{"href":"https:\/\/cdcvs.ca\/en\/wp-json\/wp\/v2\/posts"}],"about":[{"href":"https:\/\/cdcvs.ca\/en\/wp-json\/wp\/v2\/types\/post"}],"author":[{"embeddable":true,"href":"https:\/\/cdcvs.ca\/en\/wp-json\/wp\/v2\/users\/1"}],"replies":[{"embeddable":true,"href":"https:\/\/cdcvs.ca\/en\/wp-json\/wp\/v2\/comments?post=3428"}],"version-history":[{"count":8,"href":"https:\/\/cdcvs.ca\/en\/wp-json\/wp\/v2\/posts\/3428\/revisions"}],"predecessor-version":[{"id":4376,"href":"https:\/\/cdcvs.ca\/en\/wp-json\/wp\/v2\/posts\/3428\/revisions\/4376"}],"wp:featuredmedia":[{"embeddable":true,"href":"https:\/\/cdcvs.ca\/en\/wp-json\/wp\/v2\/media\/4167"}],"wp:attachment":[{"href":"https:\/\/cdcvs.ca\/en\/wp-json\/wp\/v2\/media?parent=3428"}],"wp:term":[{"taxonomy":"category","embeddable":true,"href":"https:\/\/cdcvs.ca\/en\/wp-json\/wp\/v2\/categories?post=3428"},{"taxonomy":"post_tag","embeddable":true,"href":"https:\/\/cdcvs.ca\/en\/wp-json\/wp\/v2\/tags?post=3428"}],"curies":[{"name":"wp","href":"https:\/\/api.w.org\/{rel}","templated":true}]}}