{"id":3170,"date":"2024-10-25T10:39:02","date_gmt":"2024-10-25T14:39:02","guid":{"rendered":"https:\/\/cdcvs.ca\/its-time-to-move-from-quebec-ko-to-quebec-ok-sebastien-legros\/"},"modified":"2025-03-26T05:56:10","modified_gmt":"2025-03-26T09:56:10","slug":"its-time-to-move-from-quebec-ko-to-quebec-ok-sebastien-legros","status":"publish","type":"post","link":"https:\/\/cdcvs.ca\/en\/its-time-to-move-from-quebec-ko-to-quebec-ok-sebastien-legros\/","title":{"rendered":"\u00ab It&#8217;s time to move from Quebec KO to Quebec OK\u00bb \u2013 S\u00e9bastien Legros"},"content":{"rendered":"\t\t<div data-elementor-type=\"wp-post\" data-elementor-id=\"3170\" class=\"elementor elementor-3170 elementor-1647\" data-elementor-post-type=\"post\">\n\t\t\t\t<div class=\"elementor-element elementor-element-85c0732 e-con-full e-flex e-con e-child\" data-id=\"85c0732\" data-element_type=\"container\" data-e-type=\"container\">\n\t\t\t\t<div class=\"elementor-element elementor-element-f9e858a elementor-widget elementor-widget-post-info\" data-id=\"f9e858a\" data-element_type=\"widget\" data-e-type=\"widget\" data-widget_type=\"post-info.default\">\n\t\t\t\t<div class=\"elementor-widget-container\">\n\t\t\t\t\t\t\t<ul class=\"elementor-inline-items elementor-icon-list-items elementor-post-info\">\n\t\t\t\t\t\t\t\t<li class=\"elementor-icon-list-item elementor-repeater-item-33f609c elementor-inline-item\" itemprop=\"datePublished\">\n\t\t\t\t\t\t\t\t\t\t\t\t\t<span class=\"elementor-icon-list-text elementor-post-info__item elementor-post-info__item--type-date\">\n\t\t\t\t\t\t\t\t\t\t<time>25 October 2024<\/time>\t\t\t\t\t<\/span>\n\t\t\t\t\t\t\t\t<\/li>\n\t\t\t\t<\/ul>\n\t\t\t\t\t\t<\/div>\n\t\t\t\t<\/div>\n\t\t\t\t<div class=\"elementor-element elementor-element-0bbe5ce elementor-widget elementor-widget-heading\" data-id=\"0bbe5ce\" data-element_type=\"widget\" data-e-type=\"widget\" data-widget_type=\"heading.default\">\n\t\t\t\t<div class=\"elementor-widget-container\">\n\t\t\t\t\t<h6 class=\"elementor-heading-title elementor-size-default\">By Jessica Brisson, NeoMedia<\/h6>\t\t\t\t<\/div>\n\t\t\t\t<\/div>\n\t\t\t\t<div class=\"elementor-element elementor-element-c6d6d49 elementor-widget elementor-widget-text-editor\" data-id=\"c6d6d49\" data-element_type=\"widget\" data-e-type=\"widget\" data-widget_type=\"text-editor.default\">\n\t\t\t\t<div class=\"elementor-widget-container\">\n\t\t\t\t\t\t\t\t\t<p>Members of the Table nationale des Corporations de d\u00e9veloppement communautaire (TNCDC), of which the CDC de Vaudreuil-Soulanges is a member, have launched a cry from the heart to the Quebec government, calling on it to make a formal commitment to the fight against poverty and social exclusion.<\/p>\n\t\t\t\t\t\t\t\t<\/div>\n\t\t\t\t<\/div>\n\t\t\t\t<div class=\"elementor-element elementor-element-1dc037a elementor-widget elementor-widget-text-editor\" data-id=\"1dc037a\" data-element_type=\"widget\" data-e-type=\"widget\" data-widget_type=\"text-editor.default\">\n\t\t\t\t<div class=\"elementor-widget-container\">\n\t\t\t\t\t\t\t\t\t<p>Members and partners of the TNCDC visited Parliament Hill earlier this week, similar to the national campaign launched a few days prior. They were taken aback by the government&#8217;s lack of engagement regarding the ongoing social crisis. Parliamentarians from all three opposition parties were also present to show their support for the action, fully aware of the urgency of the situation. <\/p>\n\t\t\t\t\t\t\t\t<\/div>\n\t\t\t\t<\/div>\n\t\t\t\t<div class=\"elementor-element elementor-element-fa895f3 elementor-widget elementor-widget-text-editor\" data-id=\"fa895f3\" data-element_type=\"widget\" data-e-type=\"widget\" data-widget_type=\"text-editor.default\">\n\t\t\t\t<div class=\"elementor-widget-container\">\n\t\t\t\t\t\t\t\t\t<p>This action also coincides with the Semaine nationale de l&#8217;action communautaire autonome, which aims to highlight the importance and essential role of community organizations in Quebec&#8217;s social safety net.<\/p>\n\t\t\t\t\t\t\t\t<\/div>\n\t\t\t\t<\/div>\n\t\t\t\t<div class=\"elementor-element elementor-element-65231a7 elementor-widget elementor-widget-text-editor\" data-id=\"65231a7\" data-element_type=\"widget\" data-e-type=\"widget\" data-widget_type=\"text-editor.default\">\n\t\t\t\t<div class=\"elementor-widget-container\">\n\t\t\t\t\t\t\t\t\t<p>&#8220;The government&#8217;s disengagement from the social crisis is putting our safety net at risk. Every day, community organizations in Vaudreuil-Soulanges receive increasing requests for support from vulnerable individuals, particularly due to the shortage of affordable housing. Without significant reinvestment, we will not be able to meet these urgent needs. It&#8217;s time to shift from a Qu\u00e9bec KO to a Qu\u00e9bec OK, with concrete and immediate actions,&#8221; says S\u00e9bastien Legros, General Manager of the CDC de Vaudreuil-Soulanges.<\/p>\n\t\t\t\t\t\t\t\t<\/div>\n\t\t\t\t<\/div>\n\t\t\t\t<div class=\"elementor-element elementor-element-e6c5827 elementor-widget elementor-widget-spacer\" data-id=\"e6c5827\" data-element_type=\"widget\" data-e-type=\"widget\" data-widget_type=\"spacer.default\">\n\t\t\t\t<div class=\"elementor-widget-container\">\n\t\t\t\t\t\t\t<div class=\"elementor-spacer\">\n\t\t\t<div class=\"elementor-spacer-inner\"><\/div>\n\t\t<\/div>\n\t\t\t\t\t\t<\/div>\n\t\t\t\t<\/div>\n\t\t\t\t<div class=\"elementor-element elementor-element-6510328 elementor-widget elementor-widget-heading\" data-id=\"6510328\" data-element_type=\"widget\" data-e-type=\"widget\" data-widget_type=\"heading.default\">\n\t\t\t\t<div class=\"elementor-widget-container\">\n\t\t\t\t\t<h5 class=\"elementor-heading-title elementor-size-default\">Rebuilding the social safety net<\/h5>\t\t\t\t<\/div>\n\t\t\t\t<\/div>\n\t\t\t\t<div class=\"elementor-element elementor-element-2b44a9b elementor-widget elementor-widget-text-editor\" data-id=\"2b44a9b\" data-element_type=\"widget\" data-e-type=\"widget\" data-widget_type=\"text-editor.default\">\n\t\t\t\t<div class=\"elementor-widget-container\">\n\t\t\t\t\t\t\t\t\t<p>As the economic downturn approaches, TNCDC is calling for substantial investment to strengthen vital services. Specifically, the organization is calling for : <\/p>\n<ul>\n<li>the implementation of direct support programs for people living below the poverty line, including increases in social assistance benefits corresponding at least to the amount of the Market Basket Measure;<\/li>\n<li>access to decent, truly affordable, non-speculative housing for people living in poverty and social exclusion throughout Quebec;<\/li>\n<li>a significant increase in investment in public services (health, education) to meet the growing needs of citizens and guarantee equitable access to these services;<\/li>\n<li>sufficient recurrent funding for community organizations to enable them to effectively support vulnerable populations.<\/li>\n<\/ul>\n\t\t\t\t\t\t\t\t<\/div>\n\t\t\t\t<\/div>\n\t\t\t\t<div class=\"elementor-element elementor-element-82f77d7 elementor-widget elementor-widget-text-editor\" data-id=\"82f77d7\" data-element_type=\"widget\" data-e-type=\"widget\" data-widget_type=\"text-editor.default\">\n\t\t\t\t<div class=\"elementor-widget-container\">\n\t\t\t\t\t\t\t\t\t<p>&#8220;Once again, we&#8217;re piling up missed opportunities. The tabling of a 4th plan to combat poverty and social exclusion without any real structuring measures, a National Housing Strategy that fails to respond to needs, and a social assistance reformette with virtually no impact,&#8221; concludes Marie-Line Audet, General Manager of the TNCDC.<\/p>\n\t\t\t\t\t\t\t\t<\/div>\n\t\t\t\t<\/div>\n\t\t\t\t<div class=\"elementor-element elementor-element-1a049bb elementor-widget elementor-widget-spacer\" data-id=\"1a049bb\" data-element_type=\"widget\" data-e-type=\"widget\" data-widget_type=\"spacer.default\">\n\t\t\t\t<div class=\"elementor-widget-container\">\n\t\t\t\t\t\t\t<div class=\"elementor-spacer\">\n\t\t\t<div class=\"elementor-spacer-inner\"><\/div>\n\t\t<\/div>\n\t\t\t\t\t\t<\/div>\n\t\t\t\t<\/div>\n\t\t\t\t<\/div>\n\t\t\t\t<\/div>\n\t\t","protected":false},"excerpt":{"rendered":"<p>By Jessica Brisson, NeoMedia Members of the Table nationale des Corporations de d\u00e9veloppement communautaire (TNCDC), of which the CDC de [&hellip;]<\/p>\n","protected":false},"author":1,"featured_media":2305,"comment_status":"closed","ping_status":"open","sticky":false,"template":"","format":"standard","meta":{"_acf_changed":false,"site-sidebar-layout":"default","site-content-layout":"","ast-site-content-layout":"","site-content-style":"default","site-sidebar-style":"default","ast-global-header-display":"","ast-banner-title-visibility":"","ast-main-header-display":"","ast-hfb-above-header-display":"","ast-hfb-below-header-display":"","ast-hfb-mobile-header-display":"","site-post-title":"","ast-breadcrumbs-content":"","ast-featured-img":"","footer-sml-layout":"","theme-transparent-header-meta":"","adv-header-id-meta":"","stick-header-meta":"","header-above-stick-meta":"","header-main-stick-meta":"","header-below-stick-meta":"","astra-migrate-meta-layouts":"default","ast-page-background-enabled":"default","ast-page-background-meta":{"desktop":{"background-color":"var(--ast-global-color-4)","background-image":"","background-repeat":"repeat","background-position":"center center","background-size":"auto","background-attachment":"scroll","background-type":"","background-media":"","overlay-type":"","overlay-color":"","overlay-opacity":"","overlay-gradient":""},"tablet":{"background-color":"","background-image":"","background-repeat":"repeat","background-position":"center center","background-size":"auto","background-attachment":"scroll","background-type":"","background-media":"","overlay-type":"","overlay-color":"","overlay-opacity":"","overlay-gradient":""},"mobile":{"background-color":"","background-image":"","background-repeat":"repeat","background-position":"center center","background-size":"auto","background-attachment":"scroll","background-type":"","background-media":"","overlay-type":"","overlay-color":"","overlay-opacity":"","overlay-gradient":""}},"ast-content-background-meta":{"desktop":{"background-color":"var(--ast-global-color-5)","background-image":"","background-repeat":"repeat","background-position":"center center","background-size":"auto","background-attachment":"scroll","background-type":"","background-media":"","overlay-type":"","overlay-color":"","overlay-opacity":"","overlay-gradient":""},"tablet":{"background-color":"var(--ast-global-color-5)","background-image":"","background-repeat":"repeat","background-position":"center center","background-size":"auto","background-attachment":"scroll","background-type":"","background-media":"","overlay-type":"","overlay-color":"","overlay-opacity":"","overlay-gradient":""},"mobile":{"background-color":"var(--ast-global-color-5)","background-image":"","background-repeat":"repeat","background-position":"center center","background-size":"auto","background-attachment":"scroll","background-type":"","background-media":"","overlay-type":"","overlay-color":"","overlay-opacity":"","overlay-gradient":""}},"footnotes":""},"categories":[1],"tags":[],"class_list":["post-3170","post","type-post","status-publish","format-standard","has-post-thumbnail","hentry","category-non-classifiee"],"acf":[],"yoast_head":"<!-- This site is optimized with the Yoast SEO plugin v25.7 - https:\/\/yoast.com\/wordpress\/plugins\/seo\/ -->\n<title>\u00ab It&#039;s time to move from Quebec KO to Quebec OK\u00bb \u2013 S\u00e9bastien Legros - Corporation de d\u00e9veloppement communautaire - Vaudreuil-Soulanges<\/title>\n<meta name=\"robots\" content=\"index, follow, max-snippet:-1, max-image-preview:large, max-video-preview:-1\" \/>\n<link rel=\"canonical\" href=\"https:\/\/cdcvs.ca\/en\/its-time-to-move-from-quebec-ko-to-quebec-ok-sebastien-legros\/\" \/>\n<meta property=\"og:locale\" content=\"en_US\" \/>\n<meta property=\"og:type\" content=\"article\" \/>\n<meta property=\"og:title\" content=\"\u00ab It&#039;s time to move from Quebec KO to Quebec OK\u00bb \u2013 S\u00e9bastien Legros - Corporation de d\u00e9veloppement communautaire - Vaudreuil-Soulanges\" \/>\n<meta property=\"og:description\" content=\"By Jessica Brisson, NeoMedia Members of the Table nationale des Corporations de d\u00e9veloppement communautaire (TNCDC), of which the CDC de [&hellip;]\" \/>\n<meta property=\"og:url\" content=\"https:\/\/cdcvs.ca\/en\/its-time-to-move-from-quebec-ko-to-quebec-ok-sebastien-legros\/\" \/>\n<meta property=\"og:site_name\" content=\"Corporation de d\u00e9veloppement communautaire - Vaudreuil-Soulanges\" \/>\n<meta property=\"article:publisher\" content=\"https:\/\/www.facebook.com\/corporationdedeveloppement.communautairevs\/\" \/>\n<meta property=\"article:published_time\" content=\"2024-10-25T14:39:02+00:00\" \/>\n<meta property=\"article:modified_time\" content=\"2025-03-26T09:56:10+00:00\" \/>\n<meta property=\"og:image\" content=\"https:\/\/cdcvs.ca\/wp-content\/uploads\/2024\/10\/nouvelle-2.png\" \/>\n\t<meta property=\"og:image:width\" content=\"1542\" \/>\n\t<meta property=\"og:image:height\" content=\"846\" \/>\n\t<meta property=\"og:image:type\" content=\"image\/png\" \/>\n<meta name=\"author\" content=\"cdcvs-admin\" \/>\n<meta name=\"twitter:card\" content=\"summary_large_image\" \/>\n<meta name=\"twitter:label1\" content=\"Written by\" \/>\n\t<meta name=\"twitter:data1\" content=\"cdcvs-admin\" \/>\n\t<meta name=\"twitter:label2\" content=\"Est. reading time\" \/>\n\t<meta name=\"twitter:data2\" content=\"2 minutes\" \/>\n<script type=\"application\/ld+json\" class=\"yoast-schema-graph\">{\"@context\":\"https:\/\/schema.org\",\"@graph\":[{\"@type\":\"Article\",\"@id\":\"https:\/\/cdcvs.ca\/en\/its-time-to-move-from-quebec-ko-to-quebec-ok-sebastien-legros\/#article\",\"isPartOf\":{\"@id\":\"https:\/\/cdcvs.ca\/en\/its-time-to-move-from-quebec-ko-to-quebec-ok-sebastien-legros\/\"},\"author\":{\"name\":\"cdcvs-admin\",\"@id\":\"https:\/\/cdcvs.ca\/en\/#\/schema\/person\/3a07b1a14c35ef2cf1cace6092fde9d4\"},\"headline\":\"\u00ab It&#8217;s time to move from Quebec KO to Quebec OK\u00bb \u2013 S\u00e9bastien Legros\",\"datePublished\":\"2024-10-25T14:39:02+00:00\",\"dateModified\":\"2025-03-26T09:56:10+00:00\",\"mainEntityOfPage\":{\"@id\":\"https:\/\/cdcvs.ca\/en\/its-time-to-move-from-quebec-ko-to-quebec-ok-sebastien-legros\/\"},\"wordCount\":403,\"publisher\":{\"@id\":\"https:\/\/cdcvs.ca\/en\/#organization\"},\"image\":{\"@id\":\"https:\/\/cdcvs.ca\/en\/its-time-to-move-from-quebec-ko-to-quebec-ok-sebastien-legros\/#primaryimage\"},\"thumbnailUrl\":\"https:\/\/cdcvs.ca\/wp-content\/uploads\/2024\/10\/nouvelle-2.png\",\"articleSection\":[\"Non classifi\u00e9(e)\"],\"inLanguage\":\"en-US\"},{\"@type\":\"WebPage\",\"@id\":\"https:\/\/cdcvs.ca\/en\/its-time-to-move-from-quebec-ko-to-quebec-ok-sebastien-legros\/\",\"url\":\"https:\/\/cdcvs.ca\/en\/its-time-to-move-from-quebec-ko-to-quebec-ok-sebastien-legros\/\",\"name\":\"\u00ab It's time to move from Quebec KO to Quebec OK\u00bb \u2013 S\u00e9bastien Legros - Corporation de d\u00e9veloppement communautaire - Vaudreuil-Soulanges\",\"isPartOf\":{\"@id\":\"https:\/\/cdcvs.ca\/en\/#website\"},\"primaryImageOfPage\":{\"@id\":\"https:\/\/cdcvs.ca\/en\/its-time-to-move-from-quebec-ko-to-quebec-ok-sebastien-legros\/#primaryimage\"},\"image\":{\"@id\":\"https:\/\/cdcvs.ca\/en\/its-time-to-move-from-quebec-ko-to-quebec-ok-sebastien-legros\/#primaryimage\"},\"thumbnailUrl\":\"https:\/\/cdcvs.ca\/wp-content\/uploads\/2024\/10\/nouvelle-2.png\",\"datePublished\":\"2024-10-25T14:39:02+00:00\",\"dateModified\":\"2025-03-26T09:56:10+00:00\",\"breadcrumb\":{\"@id\":\"https:\/\/cdcvs.ca\/en\/its-time-to-move-from-quebec-ko-to-quebec-ok-sebastien-legros\/#breadcrumb\"},\"inLanguage\":\"en-US\",\"potentialAction\":[{\"@type\":\"ReadAction\",\"target\":[\"https:\/\/cdcvs.ca\/en\/its-time-to-move-from-quebec-ko-to-quebec-ok-sebastien-legros\/\"]}]},{\"@type\":\"ImageObject\",\"inLanguage\":\"en-US\",\"@id\":\"https:\/\/cdcvs.ca\/en\/its-time-to-move-from-quebec-ko-to-quebec-ok-sebastien-legros\/#primaryimage\",\"url\":\"https:\/\/cdcvs.ca\/wp-content\/uploads\/2024\/10\/nouvelle-2.png\",\"contentUrl\":\"https:\/\/cdcvs.ca\/wp-content\/uploads\/2024\/10\/nouvelle-2.png\",\"width\":1542,\"height\":846},{\"@type\":\"BreadcrumbList\",\"@id\":\"https:\/\/cdcvs.ca\/en\/its-time-to-move-from-quebec-ko-to-quebec-ok-sebastien-legros\/#breadcrumb\",\"itemListElement\":[{\"@type\":\"ListItem\",\"position\":1,\"name\":\"Accueil\",\"item\":\"https:\/\/cdcvs.ca\/en\/home\/\"},{\"@type\":\"ListItem\",\"position\":2,\"name\":\"\u00ab It&rsquo;s time to move from Quebec KO to Quebec OK\u00bb \u2013 S\u00e9bastien Legros\"}]},{\"@type\":\"WebSite\",\"@id\":\"https:\/\/cdcvs.ca\/en\/#website\",\"url\":\"https:\/\/cdcvs.ca\/en\/\",\"name\":\"Corporation de d\u00e9veloppement communautaire - Vaudreuil-Soulanges\",\"description\":\"\",\"publisher\":{\"@id\":\"https:\/\/cdcvs.ca\/en\/#organization\"},\"potentialAction\":[{\"@type\":\"SearchAction\",\"target\":{\"@type\":\"EntryPoint\",\"urlTemplate\":\"https:\/\/cdcvs.ca\/en\/?s={search_term_string}\"},\"query-input\":{\"@type\":\"PropertyValueSpecification\",\"valueRequired\":true,\"valueName\":\"search_term_string\"}}],\"inLanguage\":\"en-US\"},{\"@type\":\"Organization\",\"@id\":\"https:\/\/cdcvs.ca\/en\/#organization\",\"name\":\"Corporation de d\u00e9veloppement communautaire - Vaudreuil-Soulanges\",\"url\":\"https:\/\/cdcvs.ca\/en\/\",\"logo\":{\"@type\":\"ImageObject\",\"inLanguage\":\"en-US\",\"@id\":\"https:\/\/cdcvs.ca\/en\/#\/schema\/logo\/image\/\",\"url\":\"https:\/\/cdcvs.ca\/wp-content\/uploads\/2024\/09\/CDC-VS-logo-header.svg\",\"contentUrl\":\"https:\/\/cdcvs.ca\/wp-content\/uploads\/2024\/09\/CDC-VS-logo-header.svg\",\"width\":273,\"height\":68,\"caption\":\"Corporation de d\u00e9veloppement communautaire - Vaudreuil-Soulanges\"},\"image\":{\"@id\":\"https:\/\/cdcvs.ca\/en\/#\/schema\/logo\/image\/\"},\"sameAs\":[\"https:\/\/www.facebook.com\/corporationdedeveloppement.communautairevs\/\"]},{\"@type\":\"Person\",\"@id\":\"https:\/\/cdcvs.ca\/en\/#\/schema\/person\/3a07b1a14c35ef2cf1cace6092fde9d4\",\"name\":\"cdcvs-admin\",\"image\":{\"@type\":\"ImageObject\",\"inLanguage\":\"en-US\",\"@id\":\"https:\/\/cdcvs.ca\/en\/#\/schema\/person\/image\/\",\"url\":\"https:\/\/secure.gravatar.com\/avatar\/784c3cd511937876684c3be7fccdc5d22e218b9108a33e405a3075157ee49dbf?s=96&d=mm&r=g\",\"contentUrl\":\"https:\/\/secure.gravatar.com\/avatar\/784c3cd511937876684c3be7fccdc5d22e218b9108a33e405a3075157ee49dbf?s=96&d=mm&r=g\",\"caption\":\"cdcvs-admin\"},\"sameAs\":[\"http:\/\/cdcvs.ca\"]}]}<\/script>\n<!-- \/ Yoast SEO plugin. -->","yoast_head_json":{"title":"\u00ab It's time to move from Quebec KO to Quebec OK\u00bb \u2013 S\u00e9bastien Legros - Corporation de d\u00e9veloppement communautaire - Vaudreuil-Soulanges","robots":{"index":"index","follow":"follow","max-snippet":"max-snippet:-1","max-image-preview":"max-image-preview:large","max-video-preview":"max-video-preview:-1"},"canonical":"https:\/\/cdcvs.ca\/en\/its-time-to-move-from-quebec-ko-to-quebec-ok-sebastien-legros\/","og_locale":"en_US","og_type":"article","og_title":"\u00ab It's time to move from Quebec KO to Quebec OK\u00bb \u2013 S\u00e9bastien Legros - Corporation de d\u00e9veloppement communautaire - Vaudreuil-Soulanges","og_description":"By Jessica Brisson, NeoMedia Members of the Table nationale des Corporations de d\u00e9veloppement communautaire (TNCDC), of which the CDC de [&hellip;]","og_url":"https:\/\/cdcvs.ca\/en\/its-time-to-move-from-quebec-ko-to-quebec-ok-sebastien-legros\/","og_site_name":"Corporation de d\u00e9veloppement communautaire - Vaudreuil-Soulanges","article_publisher":"https:\/\/www.facebook.com\/corporationdedeveloppement.communautairevs\/","article_published_time":"2024-10-25T14:39:02+00:00","article_modified_time":"2025-03-26T09:56:10+00:00","og_image":[{"width":1542,"height":846,"url":"https:\/\/cdcvs.ca\/wp-content\/uploads\/2024\/10\/nouvelle-2.png","type":"image\/png"}],"author":"cdcvs-admin","twitter_card":"summary_large_image","twitter_misc":{"Written by":"cdcvs-admin","Est. reading time":"2 minutes"},"schema":{"@context":"https:\/\/schema.org","@graph":[{"@type":"Article","@id":"https:\/\/cdcvs.ca\/en\/its-time-to-move-from-quebec-ko-to-quebec-ok-sebastien-legros\/#article","isPartOf":{"@id":"https:\/\/cdcvs.ca\/en\/its-time-to-move-from-quebec-ko-to-quebec-ok-sebastien-legros\/"},"author":{"name":"cdcvs-admin","@id":"https:\/\/cdcvs.ca\/en\/#\/schema\/person\/3a07b1a14c35ef2cf1cace6092fde9d4"},"headline":"\u00ab It&#8217;s time to move from Quebec KO to Quebec OK\u00bb \u2013 S\u00e9bastien Legros","datePublished":"2024-10-25T14:39:02+00:00","dateModified":"2025-03-26T09:56:10+00:00","mainEntityOfPage":{"@id":"https:\/\/cdcvs.ca\/en\/its-time-to-move-from-quebec-ko-to-quebec-ok-sebastien-legros\/"},"wordCount":403,"publisher":{"@id":"https:\/\/cdcvs.ca\/en\/#organization"},"image":{"@id":"https:\/\/cdcvs.ca\/en\/its-time-to-move-from-quebec-ko-to-quebec-ok-sebastien-legros\/#primaryimage"},"thumbnailUrl":"https:\/\/cdcvs.ca\/wp-content\/uploads\/2024\/10\/nouvelle-2.png","articleSection":["Non classifi\u00e9(e)"],"inLanguage":"en-US"},{"@type":"WebPage","@id":"https:\/\/cdcvs.ca\/en\/its-time-to-move-from-quebec-ko-to-quebec-ok-sebastien-legros\/","url":"https:\/\/cdcvs.ca\/en\/its-time-to-move-from-quebec-ko-to-quebec-ok-sebastien-legros\/","name":"\u00ab It's time to move from Quebec KO to Quebec OK\u00bb \u2013 S\u00e9bastien Legros - Corporation de d\u00e9veloppement communautaire - Vaudreuil-Soulanges","isPartOf":{"@id":"https:\/\/cdcvs.ca\/en\/#website"},"primaryImageOfPage":{"@id":"https:\/\/cdcvs.ca\/en\/its-time-to-move-from-quebec-ko-to-quebec-ok-sebastien-legros\/#primaryimage"},"image":{"@id":"https:\/\/cdcvs.ca\/en\/its-time-to-move-from-quebec-ko-to-quebec-ok-sebastien-legros\/#primaryimage"},"thumbnailUrl":"https:\/\/cdcvs.ca\/wp-content\/uploads\/2024\/10\/nouvelle-2.png","datePublished":"2024-10-25T14:39:02+00:00","dateModified":"2025-03-26T09:56:10+00:00","breadcrumb":{"@id":"https:\/\/cdcvs.ca\/en\/its-time-to-move-from-quebec-ko-to-quebec-ok-sebastien-legros\/#breadcrumb"},"inLanguage":"en-US","potentialAction":[{"@type":"ReadAction","target":["https:\/\/cdcvs.ca\/en\/its-time-to-move-from-quebec-ko-to-quebec-ok-sebastien-legros\/"]}]},{"@type":"ImageObject","inLanguage":"en-US","@id":"https:\/\/cdcvs.ca\/en\/its-time-to-move-from-quebec-ko-to-quebec-ok-sebastien-legros\/#primaryimage","url":"https:\/\/cdcvs.ca\/wp-content\/uploads\/2024\/10\/nouvelle-2.png","contentUrl":"https:\/\/cdcvs.ca\/wp-content\/uploads\/2024\/10\/nouvelle-2.png","width":1542,"height":846},{"@type":"BreadcrumbList","@id":"https:\/\/cdcvs.ca\/en\/its-time-to-move-from-quebec-ko-to-quebec-ok-sebastien-legros\/#breadcrumb","itemListElement":[{"@type":"ListItem","position":1,"name":"Accueil","item":"https:\/\/cdcvs.ca\/en\/home\/"},{"@type":"ListItem","position":2,"name":"\u00ab It&rsquo;s time to move from Quebec KO to Quebec OK\u00bb \u2013 S\u00e9bastien Legros"}]},{"@type":"WebSite","@id":"https:\/\/cdcvs.ca\/en\/#website","url":"https:\/\/cdcvs.ca\/en\/","name":"Corporation de d\u00e9veloppement communautaire - Vaudreuil-Soulanges","description":"","publisher":{"@id":"https:\/\/cdcvs.ca\/en\/#organization"},"potentialAction":[{"@type":"SearchAction","target":{"@type":"EntryPoint","urlTemplate":"https:\/\/cdcvs.ca\/en\/?s={search_term_string}"},"query-input":{"@type":"PropertyValueSpecification","valueRequired":true,"valueName":"search_term_string"}}],"inLanguage":"en-US"},{"@type":"Organization","@id":"https:\/\/cdcvs.ca\/en\/#organization","name":"Corporation de d\u00e9veloppement communautaire - Vaudreuil-Soulanges","url":"https:\/\/cdcvs.ca\/en\/","logo":{"@type":"ImageObject","inLanguage":"en-US","@id":"https:\/\/cdcvs.ca\/en\/#\/schema\/logo\/image\/","url":"https:\/\/cdcvs.ca\/wp-content\/uploads\/2024\/09\/CDC-VS-logo-header.svg","contentUrl":"https:\/\/cdcvs.ca\/wp-content\/uploads\/2024\/09\/CDC-VS-logo-header.svg","width":273,"height":68,"caption":"Corporation de d\u00e9veloppement communautaire - Vaudreuil-Soulanges"},"image":{"@id":"https:\/\/cdcvs.ca\/en\/#\/schema\/logo\/image\/"},"sameAs":["https:\/\/www.facebook.com\/corporationdedeveloppement.communautairevs\/"]},{"@type":"Person","@id":"https:\/\/cdcvs.ca\/en\/#\/schema\/person\/3a07b1a14c35ef2cf1cace6092fde9d4","name":"cdcvs-admin","image":{"@type":"ImageObject","inLanguage":"en-US","@id":"https:\/\/cdcvs.ca\/en\/#\/schema\/person\/image\/","url":"https:\/\/secure.gravatar.com\/avatar\/784c3cd511937876684c3be7fccdc5d22e218b9108a33e405a3075157ee49dbf?s=96&d=mm&r=g","contentUrl":"https:\/\/secure.gravatar.com\/avatar\/784c3cd511937876684c3be7fccdc5d22e218b9108a33e405a3075157ee49dbf?s=96&d=mm&r=g","caption":"cdcvs-admin"},"sameAs":["http:\/\/cdcvs.ca"]}]}},"publishpress_future_action":{"enabled":false,"date":"2026-05-07 22:56:33","action":"change-status","newStatus":"draft","terms":[],"taxonomy":"category","extraData":[]},"publishpress_future_workflow_manual_trigger":{"enabledWorkflows":[]},"_links":{"self":[{"href":"https:\/\/cdcvs.ca\/en\/wp-json\/wp\/v2\/posts\/3170","targetHints":{"allow":["GET"]}}],"collection":[{"href":"https:\/\/cdcvs.ca\/en\/wp-json\/wp\/v2\/posts"}],"about":[{"href":"https:\/\/cdcvs.ca\/en\/wp-json\/wp\/v2\/types\/post"}],"author":[{"embeddable":true,"href":"https:\/\/cdcvs.ca\/en\/wp-json\/wp\/v2\/users\/1"}],"replies":[{"embeddable":true,"href":"https:\/\/cdcvs.ca\/en\/wp-json\/wp\/v2\/comments?post=3170"}],"version-history":[{"count":0,"href":"https:\/\/cdcvs.ca\/en\/wp-json\/wp\/v2\/posts\/3170\/revisions"}],"wp:featuredmedia":[{"embeddable":true,"href":"https:\/\/cdcvs.ca\/en\/wp-json\/wp\/v2\/media\/2305"}],"wp:attachment":[{"href":"https:\/\/cdcvs.ca\/en\/wp-json\/wp\/v2\/media?parent=3170"}],"wp:term":[{"taxonomy":"category","embeddable":true,"href":"https:\/\/cdcvs.ca\/en\/wp-json\/wp\/v2\/categories?post=3170"},{"taxonomy":"post_tag","embeddable":true,"href":"https:\/\/cdcvs.ca\/en\/wp-json\/wp\/v2\/tags?post=3170"}],"curies":[{"name":"wp","href":"https:\/\/api.w.org\/{rel}","templated":true}]}}